{"id":2413,"date":"2016-06-02T17:17:01","date_gmt":"2016-06-02T17:17:01","guid":{"rendered":"https:\/\/www.eem.ca\/fr\/2016\/06\/02\/une-nouvelle-politique-energetique-pour-le-quebec\/"},"modified":"2016-10-17T21:22:51","modified_gmt":"2016-10-17T20:22:51","slug":"une-nouvelle-politique-energetique-pour-le-quebec","status":"publish","type":"post","link":"https:\/\/www.eem.ca\/fr\/2016\/06\/02\/une-nouvelle-politique-energetique-pour-le-quebec\/","title":{"rendered":"Une nouvelle politique \u00e9nergique pour le Qu\u00e9bec"},"content":{"rendered":"<p>En date du 7 avril, le gouvernement du Qu\u00e9bec a d\u00e9voil\u00e9 sa <a href=\"https:\/\/mern.gouv.qc.ca\/wp-content\/uploads\/2016\/04\/Politique-energetique-2030.pdf\">Politique \u00e9nerg\u00e9tique 2030<\/a>, dont les grandes lignes semblent prometteuses.<\/p>\n<p>&#8211; L\u2019\u00e9limination de l\u2019utilisation du charbon thermique et la r\u00e9duction de l\u2019utilisation des produits p\u00e9troliers de 40%;<\/p>\n<p>&#8211; L\u2019augmentation de 15% de l\u2019efficacit\u00e9 \u00e9nerg\u00e9tique de l\u2019\u00e9conomie, en consid\u00e9rant que le Qu\u00e9bec pr\u00e9voit\u00a0utiliser en 2030 la m\u00eame quantit\u00e9 d\u2019\u00e9nergie qu\u2019en 2015, tout en augmentant sa productivit\u00e9; et<\/p>\n<p>&#8211; L\u2019augmentation de 25% de la disponibilit\u00e9 d\u2019\u00e9nergie renouvelable, y compris une utilisation accrue de la biomasse comme source d\u2019\u00e9nergie.<\/p>\n<p>Note\u00a0: les cibles font r\u00e9f\u00e9rence \u00e0 l\u2019ann\u00e9e de base 2013<\/p>\n<p><img loading=\"lazy\" decoding=\"async\" class=\" wp-image-1731 aligncenter\" src=\"https:\/\/www.eem.ca\/wp-content\/uploads\/2016\/06\/energypolicy-300x138.png\" alt=\"energypolicy\" width=\"654\" height=\"301\" \/><\/p>\n<p>Avec la Caisse de d\u00e9p\u00f4t qui annonce l\u2019arriv\u00e9e imminente d\u2019un syst\u00e8me de transport l\u00e9ger sur rail \u00e0 Montr\u00e9al et le support financier du gouvernement f\u00e9d\u00e9ral dans des projets d\u2019infrastructures verts, la transition vers une \u00e9conomie sobre en carbone semble bel et bien d\u00e9but\u00e9e. \u00c9EM veillera avec int\u00e9r\u00eat sur le d\u00e9p\u00f4t du premier des trois plans d\u2019action de 5 ans qui est pr\u00e9vu avant l\u2019\u00e9t\u00e9 et qui entra\u00eenera sans doute des changements \u00e0 la r\u00e9glementation. Selon le document de la nouvelle politique\u00a0:<\/p>\n<blockquote><p>\u00ab\u00a0<em>L\u2019efficacit\u00e9 \u00e9nerg\u00e9tique, la substitution \u00e9nerg\u00e9tique et les changements comportementaux sont les trois piliers d\u2019une transition \u00e9nerg\u00e9tique r\u00e9ussie. Ces piliers sont r\u00e9unis, par exemple, lorsqu\u2019une soci\u00e9t\u00e9 de transport collectif choisit, simultan\u00e9ment, d\u2019am\u00e9liorer ses services pour atteindre une nouvelle client\u00e8le, de remplacer ses v\u00e9hicules au carburant diesel par des autobus \u00e9lectriques et de soutenir l\u2019am\u00e9lioration continue de la performance \u00e9nerg\u00e9tique de ses nouveaux v\u00e9hicules afin de consommer moins d\u2019\u00e9lectricit\u00e9.\u00a0\u00bb<br \/>\n<\/em><\/p><\/blockquote>\n<p>La Politique \u00e9nerg\u00e9tique 2030 affirme \u00eatre en mesure de r\u00e9duire de 18% les \u00e9missions de gaz \u00e0 effet de serre du Qu\u00e9bec par rapport \u00e0 1990. Avec une r\u00e9duction de 8,5% d\u00e9j\u00e0 en main, cela s\u2019additionne \u00e0 une r\u00e9duction de 26,5%. Afin d\u2019atteindre l\u2019objectif global du Qu\u00e9bec, qui est de r\u00e9duire de 37,5% les \u00e9missions de gaz \u00e0 effet de serre pour l\u2019ann\u00e9e 2030, un compl\u00e9ment important de 10% devra venir de r\u00e9ductions non \u00e9nerg\u00e9tiques. Ensuite vient le d\u00e9fi reli\u00e9 \u00e0 l\u2019atteinte des objectifs \u00e0 long terme fix\u00e9s \u00e0 la COP21, suite aux recommandations de l\u2019IPCC visant une r\u00e9duction de 80% \u00e0 95% d\u2019ici 2050.\u00a0Pour plus de d\u00e9tails, nos clients sont invit\u00e9s \u00e0 lire le <a href=\"https:\/\/www.eem.ca\/wp-content\/uploads\/2016\/04\/Doc-dinfo-\u00c9conomie-sobre-en-C.pdf\">document d\u2019information<\/a> d\u2019\u00c9EM concernant la transition vers une \u00e9conomie sobre en carbone, publi\u00e9 en janvier dernier, et de nous contacter afin d\u2019optimiser leur d\u00e9marche de responsabilit\u00e9 sociale d\u2019entreprise afin d\u2019op\u00e9rer cette transition.<\/p>\n<p>Un fait saillant pour nos clients\u00a0: le gouvernement annonce la mise en place d\u2019un guichet unique pour g\u00e9rer la transition vers une \u00e9conomie \u00e0 faible \u00e9mission de carbone\u00a0: Transition \u00e9nerg\u00e9tique Qu\u00e9bec (TEQ). Ses responsabilit\u00e9s incluront l\u2019allocation des fonds collect\u00e9s \u00e0 partir du syst\u00e8me de plafonnement et d\u2019\u00e9changes des droits d\u2019\u00e9missions des gaz \u00e0 effet de serre du Qu\u00e9bec (les Fonds verts) qui est entr\u00e9 en vigueur au d\u00e9but de 2015. Nous pouvons nous attendre \u00e0 une meilleure accessibilit\u00e9 \u00e0 l\u2019aide financi\u00e8re pour les entreprises qui d\u00e9sirent entamer des projets plus ambitieux pour r\u00e9duire\u00a0leur gaz \u00e0 effet de serre ou innover sur le plan de l\u2019efficacit\u00e9 \u00e9nerg\u00e9tique.<\/p>\n","protected":false},"excerpt":{"rendered":"<p>En date du 7 avril, le gouvernement du Qu\u00e9bec a d\u00e9voil\u00e9 sa Politique \u00e9nerg\u00e9tique 2030, dont les grandes lignes semblent [&hellip;]<\/p>\n","protected":false},"author":12,"featured_media":0,"comment_status":"open","ping_status":"closed","sticky":false,"template":"","format":"standard","meta":{"_acf_changed":false,"footnotes":""},"categories":[84],"tags":[],"class_list":["post-2413","post","type-post","status-publish","format-standard","hentry","category-a-noter"],"acf":[],"yoast_head":"<!-- This site is optimized with the Yoast SEO plugin v26.6 - https:\/\/yoast.com\/wordpress\/plugins\/seo\/ -->\n<title>Une nouvelle politique \u00e9nergique pour le Qu\u00e9bec - EEM - Gestion ESS<\/title>\n<meta name=\"robots\" content=\"index, follow, max-snippet:-1, max-image-preview:large, max-video-preview:-1\" \/>\n<link rel=\"canonical\" href=\"https:\/\/www.eem.ca\/fr\/2016\/06\/02\/une-nouvelle-politique-energetique-pour-le-quebec\/\" \/>\n<meta name=\"twitter:label1\" content=\"\u00c9crit par\" \/>\n\t<meta name=\"twitter:data1\" content=\"webmaster@u7solutions.com\" \/>\n\t<meta name=\"twitter:label2\" content=\"Dur\u00e9e de lecture estim\u00e9e\" \/>\n\t<meta name=\"twitter:data2\" content=\"3 minutes\" \/>\n<script type=\"application\/ld+json\" class=\"yoast-schema-graph\">{\"@context\":\"https:\/\/schema.org\",\"@graph\":[{\"@type\":\"WebPage\",\"@id\":\"https:\/\/www.eem.ca\/fr\/2016\/06\/02\/une-nouvelle-politique-energetique-pour-le-quebec\/\",\"url\":\"https:\/\/www.eem.ca\/fr\/2016\/06\/02\/une-nouvelle-politique-energetique-pour-le-quebec\/\",\"name\":\"Une nouvelle politique \u00e9nergique pour le Qu\u00e9bec - EEM - Gestion ESS\",\"isPartOf\":{\"@id\":\"https:\/\/www.eem.ca\/#website\"},\"primaryImageOfPage\":{\"@id\":\"https:\/\/www.eem.ca\/fr\/2016\/06\/02\/une-nouvelle-politique-energetique-pour-le-quebec\/#primaryimage\"},\"image\":{\"@id\":\"https:\/\/www.eem.ca\/fr\/2016\/06\/02\/une-nouvelle-politique-energetique-pour-le-quebec\/#primaryimage\"},\"thumbnailUrl\":\"https:\/\/www.eem.ca\/wp-content\/uploads\/2016\/06\/energypolicy-300x138.png\",\"datePublished\":\"2016-06-02T17:17:01+00:00\",\"dateModified\":\"2016-10-17T20:22:51+00:00\",\"author\":{\"@id\":\"https:\/\/www.eem.ca\/#\/schema\/person\/72b84179f3b359bc514dfa9c88662d0d\"},\"breadcrumb\":{\"@id\":\"https:\/\/www.eem.ca\/fr\/2016\/06\/02\/une-nouvelle-politique-energetique-pour-le-quebec\/#breadcrumb\"},\"inLanguage\":\"fr-FR\",\"potentialAction\":[{\"@type\":\"ReadAction\",\"target\":[\"https:\/\/www.eem.ca\/fr\/2016\/06\/02\/une-nouvelle-politique-energetique-pour-le-quebec\/\"]}]},{\"@type\":\"ImageObject\",\"inLanguage\":\"fr-FR\",\"@id\":\"https:\/\/www.eem.ca\/fr\/2016\/06\/02\/une-nouvelle-politique-energetique-pour-le-quebec\/#primaryimage\",\"url\":\"https:\/\/www.eem.ca\/wp-content\/uploads\/2016\/06\/energypolicy-300x138.png\",\"contentUrl\":\"https:\/\/www.eem.ca\/wp-content\/uploads\/2016\/06\/energypolicy-300x138.png\"},{\"@type\":\"BreadcrumbList\",\"@id\":\"https:\/\/www.eem.ca\/fr\/2016\/06\/02\/une-nouvelle-politique-energetique-pour-le-quebec\/#breadcrumb\",\"itemListElement\":[{\"@type\":\"ListItem\",\"position\":1,\"name\":\"Home\",\"item\":\"https:\/\/www.eem.ca\/fr\/\"},{\"@type\":\"ListItem\",\"position\":2,\"name\":\"Une nouvelle politique \u00e9nergique pour le Qu\u00e9bec\"}]},{\"@type\":\"WebSite\",\"@id\":\"https:\/\/www.eem.ca\/#website\",\"url\":\"https:\/\/www.eem.ca\/\",\"name\":\"EEM - Gestion ESS\",\"description\":\"EEM Gestion ESS est une firme-conseil ind\u00e9pendante qui aide ses clients \u00e0 \u00e9valuer, g\u00e9rer et am\u00e9liorer leur performance en environnement, sant\u00e9 et s\u00e9curit\u00e9.\",\"potentialAction\":[{\"@type\":\"SearchAction\",\"target\":{\"@type\":\"EntryPoint\",\"urlTemplate\":\"https:\/\/www.eem.ca\/?s={search_term_string}\"},\"query-input\":{\"@type\":\"PropertyValueSpecification\",\"valueRequired\":true,\"valueName\":\"search_term_string\"}}],\"inLanguage\":\"fr-FR\"},{\"@type\":\"Person\",\"@id\":\"https:\/\/www.eem.ca\/#\/schema\/person\/72b84179f3b359bc514dfa9c88662d0d\",\"name\":\"webmaster@u7solutions.com\"}]}<\/script>\n<!-- \/ Yoast SEO plugin. -->","yoast_head_json":{"title":"Une nouvelle politique \u00e9nergique pour le Qu\u00e9bec - EEM - Gestion ESS","robots":{"index":"index","follow":"follow","max-snippet":"max-snippet:-1","max-image-preview":"max-image-preview:large","max-video-preview":"max-video-preview:-1"},"canonical":"https:\/\/www.eem.ca\/fr\/2016\/06\/02\/une-nouvelle-politique-energetique-pour-le-quebec\/","twitter_misc":{"\u00c9crit par":"webmaster@u7solutions.com","Dur\u00e9e de lecture estim\u00e9e":"3 minutes"},"schema":{"@context":"https:\/\/schema.org","@graph":[{"@type":"WebPage","@id":"https:\/\/www.eem.ca\/fr\/2016\/06\/02\/une-nouvelle-politique-energetique-pour-le-quebec\/","url":"https:\/\/www.eem.ca\/fr\/2016\/06\/02\/une-nouvelle-politique-energetique-pour-le-quebec\/","name":"Une nouvelle politique \u00e9nergique pour le Qu\u00e9bec - EEM - Gestion ESS","isPartOf":{"@id":"https:\/\/www.eem.ca\/#website"},"primaryImageOfPage":{"@id":"https:\/\/www.eem.ca\/fr\/2016\/06\/02\/une-nouvelle-politique-energetique-pour-le-quebec\/#primaryimage"},"image":{"@id":"https:\/\/www.eem.ca\/fr\/2016\/06\/02\/une-nouvelle-politique-energetique-pour-le-quebec\/#primaryimage"},"thumbnailUrl":"https:\/\/www.eem.ca\/wp-content\/uploads\/2016\/06\/energypolicy-300x138.png","datePublished":"2016-06-02T17:17:01+00:00","dateModified":"2016-10-17T20:22:51+00:00","author":{"@id":"https:\/\/www.eem.ca\/#\/schema\/person\/72b84179f3b359bc514dfa9c88662d0d"},"breadcrumb":{"@id":"https:\/\/www.eem.ca\/fr\/2016\/06\/02\/une-nouvelle-politique-energetique-pour-le-quebec\/#breadcrumb"},"inLanguage":"fr-FR","potentialAction":[{"@type":"ReadAction","target":["https:\/\/www.eem.ca\/fr\/2016\/06\/02\/une-nouvelle-politique-energetique-pour-le-quebec\/"]}]},{"@type":"ImageObject","inLanguage":"fr-FR","@id":"https:\/\/www.eem.ca\/fr\/2016\/06\/02\/une-nouvelle-politique-energetique-pour-le-quebec\/#primaryimage","url":"https:\/\/www.eem.ca\/wp-content\/uploads\/2016\/06\/energypolicy-300x138.png","contentUrl":"https:\/\/www.eem.ca\/wp-content\/uploads\/2016\/06\/energypolicy-300x138.png"},{"@type":"BreadcrumbList","@id":"https:\/\/www.eem.ca\/fr\/2016\/06\/02\/une-nouvelle-politique-energetique-pour-le-quebec\/#breadcrumb","itemListElement":[{"@type":"ListItem","position":1,"name":"Home","item":"https:\/\/www.eem.ca\/fr\/"},{"@type":"ListItem","position":2,"name":"Une nouvelle politique \u00e9nergique pour le Qu\u00e9bec"}]},{"@type":"WebSite","@id":"https:\/\/www.eem.ca\/#website","url":"https:\/\/www.eem.ca\/","name":"EEM - Gestion ESS","description":"EEM Gestion ESS est une firme-conseil ind\u00e9pendante qui aide ses clients \u00e0 \u00e9valuer, g\u00e9rer et am\u00e9liorer leur performance en environnement, sant\u00e9 et s\u00e9curit\u00e9.","potentialAction":[{"@type":"SearchAction","target":{"@type":"EntryPoint","urlTemplate":"https:\/\/www.eem.ca\/?s={search_term_string}"},"query-input":{"@type":"PropertyValueSpecification","valueRequired":true,"valueName":"search_term_string"}}],"inLanguage":"fr-FR"},{"@type":"Person","@id":"https:\/\/www.eem.ca\/#\/schema\/person\/72b84179f3b359bc514dfa9c88662d0d","name":"webmaster@u7solutions.com"}]}},"_links":{"self":[{"href":"https:\/\/www.eem.ca\/fr\/wp-json\/wp\/v2\/posts\/2413","targetHints":{"allow":["GET"]}}],"collection":[{"href":"https:\/\/www.eem.ca\/fr\/wp-json\/wp\/v2\/posts"}],"about":[{"href":"https:\/\/www.eem.ca\/fr\/wp-json\/wp\/v2\/types\/post"}],"author":[{"embeddable":true,"href":"https:\/\/www.eem.ca\/fr\/wp-json\/wp\/v2\/users\/12"}],"replies":[{"embeddable":true,"href":"https:\/\/www.eem.ca\/fr\/wp-json\/wp\/v2\/comments?post=2413"}],"version-history":[{"count":0,"href":"https:\/\/www.eem.ca\/fr\/wp-json\/wp\/v2\/posts\/2413\/revisions"}],"wp:attachment":[{"href":"https:\/\/www.eem.ca\/fr\/wp-json\/wp\/v2\/media?parent=2413"}],"wp:term":[{"taxonomy":"category","embeddable":true,"href":"https:\/\/www.eem.ca\/fr\/wp-json\/wp\/v2\/categories?post=2413"},{"taxonomy":"post_tag","embeddable":true,"href":"https:\/\/www.eem.ca\/fr\/wp-json\/wp\/v2\/tags?post=2413"}],"curies":[{"name":"wp","href":"https:\/\/api.w.org\/{rel}","templated":true}]}}