{"id":2495,"date":"2016-01-15T20:37:55","date_gmt":"2016-01-15T20:37:55","guid":{"rendered":"https:\/\/www.eem.ca\/fr\/2016\/01\/15\/relaunch-ecoperformance-technoclimat-funds\/"},"modified":"2016-11-15T20:33:35","modified_gmt":"2016-11-15T19:33:35","slug":"relance-des-fonds-ecoperformance-et-technoclimat","status":"publish","type":"post","link":"https:\/\/www.eem.ca\/fr\/2016\/01\/15\/relance-des-fonds-ecoperformance-et-technoclimat\/","title":{"rendered":"Relance des fonds \u00c9coPerformance et Technoclimat"},"content":{"rendered":"<p>Le 21 octobre 2015, le minist\u00e8re de l\u2019\u00c9nergie et des ressources naturelles a\u00a0relanc\u00e9 les programmes <strong><a href=\"http:\/\/www.efficaciteenergetique.gouv.qc.ca\/clientele-affaires\/ecoperformance\/#.VorVs5MrIWo\">\u00c9coPerformance<\/a><\/strong> et<strong> <a href=\"http:\/\/www.efficaciteenergetique.gouv.qc.ca\/clientele-affaires\/technoclimat\/#.VorVxJMrIWo\">Technoclimat<\/a><\/strong>. Il est maintenant possible de soumettre vos nouvelles demandes d\u2019aide financi\u00e8re pour des projets permettant de r\u00e9duire les \u00e9missions de gaz \u00e0 effet de serre (GES) au Qu\u00e9bec, en am\u00e9liorant l&rsquo;efficacit\u00e9 \u00e9nerg\u00e9tique des proc\u00e9d\u00e9s et des b\u00e2timents, en r\u00e9duisant les \u00e9missions fugitives de proc\u00e9d\u00e9 (p.ex. fuites de m\u00e9thane) ou encore, en d\u00e9veloppant une technologie innovatrice.<\/p>\n<p><a href=\"http:\/\/www.efficaciteenergetique.gouv.qc.ca\/clientele-affaires\/ecoperformance\/#.VorVs5MrIWo\"><img loading=\"lazy\" decoding=\"async\" class=\" wp-image-1461 alignnone\" src=\"https:\/\/www.eem.ca\/wp-content\/uploads\/2016\/01\/logo_ecoperformance.png\" alt=\"logo_ecoperformance\" width=\"149\" height=\"38\" \/><\/a>\u00a0vise \u00e0 r\u00e9duire les \u00e9missions de GES\u00a0par le financement de projets ou de mesures li\u00e9s \u00e0 la consommation et \u00e0 la production d\u2019\u00e9nergie fossile, de m\u00eame qu\u2019\u00e0 l\u2019am\u00e9lioration des proc\u00e9d\u00e9s. Le programme offre une aide financi\u00e8re substantielle allant jusqu\u2019\u00e0 75% des c\u00f4uts selon le volet, afin de soutenir les petits et grands consommateurs d\u2019\u00e9nergie dans:<\/p>\n<p>&#8211; L\u2019identification et la quantification des mesures potentielles d\u2019\u00e9conomies de combustible fossile et de r\u00e9ductions d\u2019\u00e9missions de GES ainsi que les co\u00fbts pour les instaurer;<\/p>\n<p>&#8211; La mise en place d\u2019un syst\u00e8me de gestion de l\u2019\u00e9nergie incluant une politique pour une utilisation plus efficace de l\u2019\u00e9nergie et la d\u00e9signation d\u2019un responsable de la gestion d\u2019\u00e9nergie. On peut entendre que l\u2019implantation de la norme ISO 5001 serait positivement consid\u00e9r\u00e9e;<\/p>\n<p>&#8211; L\u2019implantation d\u2019un projet d\u2019efficacit\u00e9 \u00e9nerg\u00e9tique ou de r\u00e9cup\u00e9ration d\u2019\u00e9nergie qui am\u00e8ne une r\u00e9duction des \u00e9missions de GES ou de conversion \u00e0 des sources d\u2019\u00e9nergie \u00e0 plus faibles \u00e9missions de GES.<\/p>\n<p>Le financement sera accord\u00e9 aux projets qui ne se feraient pas sans aide, mais dont la p\u00e9riode de r\u00e9cup\u00e9ration de l&rsquo;investissement est estim\u00e9 \u00e0 moins de 10 ans dans le cas d&rsquo;un grand consommateur industriel, et \u00e0 moins de 20 ans pour les petits et moyens consommateurs industriels ainsi que pour les consommateurs commerciaux et institutionnels.<\/p>\n<p>Pour la p\u00e9riode 2013-2020, un budget total de pr\u00e8s de 350 M$ a \u00e9t\u00e9 annonc\u00e9 avec comme objectif la r\u00e9duction de 1 474 700 tonnes d&rsquo;\u00e9quivalent de CO<sub>2<\/sub>, ce qui \u00e9quivaut \u00e0 enlever du r\u00e9seau routier 435 000 v\u00e9hicules.<\/p>\n<p><a href=\"http:\/\/www.efficaciteenergetique.gouv.qc.ca\/clientele-affaires\/technoclimat\/#.VorVxJMrIWo\"><img loading=\"lazy\" decoding=\"async\" class=\" wp-image-1462 alignnone\" src=\"https:\/\/www.eem.ca\/wp-content\/uploads\/2016\/01\/logo_technoclimat_05.png\" alt=\"logo_technoclimat_05\" width=\"119\" height=\"43\" \/><\/a>s\u2019adresse \u00e0 toute entreprise \u00e9tablit au Qu\u00e9bec cherchant \u00e0 d\u00e9velopper, \u00e0 adapter, \u00e0 utiliser ou \u00e0 commercialiser une nouvelle technologie ou un proc\u00e9d\u00e9 innovateur en efficacit\u00e9 \u00e9nerg\u00e9tique, en \u00e9nergie \u00e9mergente ou en r\u00e9duction des \u00e9missions de GES. Le programme permet d\u2019obtenir une aide financi\u00e8re applicable \u00e0 la recherche et le d\u00e9veloppement, la d\u00e9monstration, le mesurage ou la pr\u00e9commercialisation d\u2019une technologie innovante et pr\u00e9sentant un bon potentiel de march\u00e9 afin de r\u00e9duire l\u2019\u00e9mission de GES. Les projets financi\u00e9s devront pouvoir \u00eatre adapt\u00e9s et implant\u00e9s en industrie.<\/p>\n<p>Le programme dispose d\u2019une enveloppe budg\u00e9taire de 55\u00a0M$. Les montants attribu\u00e9s \u00e0 chaque type d\u2019activit\u00e9 peuvent s\u2019additionner et le montant maximal de l\u2019aide financi\u00e8re accord\u00e9e pour un projet peut atteindre jusqu\u2019\u00e0 5 millions de dollars.<\/p>\n<p>Les services de consultation li\u00e9s aux projets propos\u00e9s ci-dessus sont aussi admissibles au financement.\u00a0 \u00c9EM propose des services d\u2019encadrement et de pr\u00e9paration de dossiers. \u00a0 Les frais de consultation li\u00e9s \u00e0 l&rsquo;implantation de syst\u00e8mes de gestion sont aussi admissibles lorsque le syst\u00e8me adresse l&rsquo;\u00e9nergie et la r\u00e9duction d&rsquo;\u00e9missions de GES.<\/p>\n<p>Voir aussi le\u00a0document d&rsquo;information d&rsquo;\u00c9EM: <a href=\"https:\/\/www.eem.ca\/fr\/2016\/04\/25\/etes-vous-pret-pour-la-transition-vers-une-economie-sobre-en-carbone\/\">La transition vers une \u00e9conomie sobre en carbone<\/a>.<\/p>\n","protected":false},"excerpt":{"rendered":"<p>Le 21 octobre 2015, le minist\u00e8re de l\u2019\u00c9nergie et des ressources naturelles a\u00a0relanc\u00e9 les programmes \u00c9coPerformance et Technoclimat. Il est [&hellip;]<\/p>\n","protected":false},"author":12,"featured_media":0,"comment_status":"open","ping_status":"closed","sticky":false,"template":"","format":"standard","meta":{"_acf_changed":false,"footnotes":""},"categories":[80,84],"tags":[],"class_list":["post-2495","post","type-post","status-publish","format-standard","hentry","category-annonces","category-a-noter"],"acf":[],"yoast_head":"<!-- This site is optimized with the Yoast SEO plugin v26.6 - https:\/\/yoast.com\/wordpress\/plugins\/seo\/ -->\n<title>Relance des fonds \u00c9coPerformance et Technoclimat - EEM - Gestion ESS<\/title>\n<meta name=\"robots\" content=\"index, follow, max-snippet:-1, max-image-preview:large, max-video-preview:-1\" \/>\n<link rel=\"canonical\" href=\"https:\/\/www.eem.ca\/fr\/2016\/01\/15\/relance-des-fonds-ecoperformance-et-technoclimat\/\" \/>\n<meta name=\"twitter:label1\" content=\"\u00c9crit par\" \/>\n\t<meta name=\"twitter:data1\" content=\"webmaster@u7solutions.com\" \/>\n\t<meta name=\"twitter:label2\" content=\"Dur\u00e9e de lecture estim\u00e9e\" \/>\n\t<meta name=\"twitter:data2\" content=\"3 minutes\" \/>\n<script type=\"application\/ld+json\" class=\"yoast-schema-graph\">{\"@context\":\"https:\/\/schema.org\",\"@graph\":[{\"@type\":\"WebPage\",\"@id\":\"https:\/\/www.eem.ca\/fr\/2016\/01\/15\/relance-des-fonds-ecoperformance-et-technoclimat\/\",\"url\":\"https:\/\/www.eem.ca\/fr\/2016\/01\/15\/relance-des-fonds-ecoperformance-et-technoclimat\/\",\"name\":\"Relance des fonds \u00c9coPerformance et Technoclimat - EEM - Gestion ESS\",\"isPartOf\":{\"@id\":\"https:\/\/www.eem.ca\/#website\"},\"primaryImageOfPage\":{\"@id\":\"https:\/\/www.eem.ca\/fr\/2016\/01\/15\/relance-des-fonds-ecoperformance-et-technoclimat\/#primaryimage\"},\"image\":{\"@id\":\"https:\/\/www.eem.ca\/fr\/2016\/01\/15\/relance-des-fonds-ecoperformance-et-technoclimat\/#primaryimage\"},\"thumbnailUrl\":\"https:\/\/www.eem.ca\/wp-content\/uploads\/2016\/01\/logo_ecoperformance.png\",\"datePublished\":\"2016-01-15T20:37:55+00:00\",\"dateModified\":\"2016-11-15T19:33:35+00:00\",\"author\":{\"@id\":\"https:\/\/www.eem.ca\/#\/schema\/person\/72b84179f3b359bc514dfa9c88662d0d\"},\"breadcrumb\":{\"@id\":\"https:\/\/www.eem.ca\/fr\/2016\/01\/15\/relance-des-fonds-ecoperformance-et-technoclimat\/#breadcrumb\"},\"inLanguage\":\"fr-FR\",\"potentialAction\":[{\"@type\":\"ReadAction\",\"target\":[\"https:\/\/www.eem.ca\/fr\/2016\/01\/15\/relance-des-fonds-ecoperformance-et-technoclimat\/\"]}]},{\"@type\":\"ImageObject\",\"inLanguage\":\"fr-FR\",\"@id\":\"https:\/\/www.eem.ca\/fr\/2016\/01\/15\/relance-des-fonds-ecoperformance-et-technoclimat\/#primaryimage\",\"url\":\"https:\/\/www.eem.ca\/wp-content\/uploads\/2016\/01\/logo_ecoperformance.png\",\"contentUrl\":\"https:\/\/www.eem.ca\/wp-content\/uploads\/2016\/01\/logo_ecoperformance.png\"},{\"@type\":\"BreadcrumbList\",\"@id\":\"https:\/\/www.eem.ca\/fr\/2016\/01\/15\/relance-des-fonds-ecoperformance-et-technoclimat\/#breadcrumb\",\"itemListElement\":[{\"@type\":\"ListItem\",\"position\":1,\"name\":\"Home\",\"item\":\"https:\/\/www.eem.ca\/fr\/\"},{\"@type\":\"ListItem\",\"position\":2,\"name\":\"Relance des fonds \u00c9coPerformance et Technoclimat\"}]},{\"@type\":\"WebSite\",\"@id\":\"https:\/\/www.eem.ca\/#website\",\"url\":\"https:\/\/www.eem.ca\/\",\"name\":\"EEM - Gestion ESS\",\"description\":\"EEM Gestion ESS est une firme-conseil ind\u00e9pendante qui aide ses clients \u00e0 \u00e9valuer, g\u00e9rer et am\u00e9liorer leur performance en environnement, sant\u00e9 et s\u00e9curit\u00e9.\",\"potentialAction\":[{\"@type\":\"SearchAction\",\"target\":{\"@type\":\"EntryPoint\",\"urlTemplate\":\"https:\/\/www.eem.ca\/?s={search_term_string}\"},\"query-input\":{\"@type\":\"PropertyValueSpecification\",\"valueRequired\":true,\"valueName\":\"search_term_string\"}}],\"inLanguage\":\"fr-FR\"},{\"@type\":\"Person\",\"@id\":\"https:\/\/www.eem.ca\/#\/schema\/person\/72b84179f3b359bc514dfa9c88662d0d\",\"name\":\"webmaster@u7solutions.com\"}]}<\/script>\n<!-- \/ Yoast SEO plugin. -->","yoast_head_json":{"title":"Relance des fonds \u00c9coPerformance et Technoclimat - EEM - Gestion ESS","robots":{"index":"index","follow":"follow","max-snippet":"max-snippet:-1","max-image-preview":"max-image-preview:large","max-video-preview":"max-video-preview:-1"},"canonical":"https:\/\/www.eem.ca\/fr\/2016\/01\/15\/relance-des-fonds-ecoperformance-et-technoclimat\/","twitter_misc":{"\u00c9crit par":"webmaster@u7solutions.com","Dur\u00e9e de lecture estim\u00e9e":"3 minutes"},"schema":{"@context":"https:\/\/schema.org","@graph":[{"@type":"WebPage","@id":"https:\/\/www.eem.ca\/fr\/2016\/01\/15\/relance-des-fonds-ecoperformance-et-technoclimat\/","url":"https:\/\/www.eem.ca\/fr\/2016\/01\/15\/relance-des-fonds-ecoperformance-et-technoclimat\/","name":"Relance des fonds \u00c9coPerformance et Technoclimat - EEM - Gestion ESS","isPartOf":{"@id":"https:\/\/www.eem.ca\/#website"},"primaryImageOfPage":{"@id":"https:\/\/www.eem.ca\/fr\/2016\/01\/15\/relance-des-fonds-ecoperformance-et-technoclimat\/#primaryimage"},"image":{"@id":"https:\/\/www.eem.ca\/fr\/2016\/01\/15\/relance-des-fonds-ecoperformance-et-technoclimat\/#primaryimage"},"thumbnailUrl":"https:\/\/www.eem.ca\/wp-content\/uploads\/2016\/01\/logo_ecoperformance.png","datePublished":"2016-01-15T20:37:55+00:00","dateModified":"2016-11-15T19:33:35+00:00","author":{"@id":"https:\/\/www.eem.ca\/#\/schema\/person\/72b84179f3b359bc514dfa9c88662d0d"},"breadcrumb":{"@id":"https:\/\/www.eem.ca\/fr\/2016\/01\/15\/relance-des-fonds-ecoperformance-et-technoclimat\/#breadcrumb"},"inLanguage":"fr-FR","potentialAction":[{"@type":"ReadAction","target":["https:\/\/www.eem.ca\/fr\/2016\/01\/15\/relance-des-fonds-ecoperformance-et-technoclimat\/"]}]},{"@type":"ImageObject","inLanguage":"fr-FR","@id":"https:\/\/www.eem.ca\/fr\/2016\/01\/15\/relance-des-fonds-ecoperformance-et-technoclimat\/#primaryimage","url":"https:\/\/www.eem.ca\/wp-content\/uploads\/2016\/01\/logo_ecoperformance.png","contentUrl":"https:\/\/www.eem.ca\/wp-content\/uploads\/2016\/01\/logo_ecoperformance.png"},{"@type":"BreadcrumbList","@id":"https:\/\/www.eem.ca\/fr\/2016\/01\/15\/relance-des-fonds-ecoperformance-et-technoclimat\/#breadcrumb","itemListElement":[{"@type":"ListItem","position":1,"name":"Home","item":"https:\/\/www.eem.ca\/fr\/"},{"@type":"ListItem","position":2,"name":"Relance des fonds \u00c9coPerformance et Technoclimat"}]},{"@type":"WebSite","@id":"https:\/\/www.eem.ca\/#website","url":"https:\/\/www.eem.ca\/","name":"EEM - Gestion ESS","description":"EEM Gestion ESS est une firme-conseil ind\u00e9pendante qui aide ses clients \u00e0 \u00e9valuer, g\u00e9rer et am\u00e9liorer leur performance en environnement, sant\u00e9 et s\u00e9curit\u00e9.","potentialAction":[{"@type":"SearchAction","target":{"@type":"EntryPoint","urlTemplate":"https:\/\/www.eem.ca\/?s={search_term_string}"},"query-input":{"@type":"PropertyValueSpecification","valueRequired":true,"valueName":"search_term_string"}}],"inLanguage":"fr-FR"},{"@type":"Person","@id":"https:\/\/www.eem.ca\/#\/schema\/person\/72b84179f3b359bc514dfa9c88662d0d","name":"webmaster@u7solutions.com"}]}},"_links":{"self":[{"href":"https:\/\/www.eem.ca\/fr\/wp-json\/wp\/v2\/posts\/2495","targetHints":{"allow":["GET"]}}],"collection":[{"href":"https:\/\/www.eem.ca\/fr\/wp-json\/wp\/v2\/posts"}],"about":[{"href":"https:\/\/www.eem.ca\/fr\/wp-json\/wp\/v2\/types\/post"}],"author":[{"embeddable":true,"href":"https:\/\/www.eem.ca\/fr\/wp-json\/wp\/v2\/users\/12"}],"replies":[{"embeddable":true,"href":"https:\/\/www.eem.ca\/fr\/wp-json\/wp\/v2\/comments?post=2495"}],"version-history":[{"count":0,"href":"https:\/\/www.eem.ca\/fr\/wp-json\/wp\/v2\/posts\/2495\/revisions"}],"wp:attachment":[{"href":"https:\/\/www.eem.ca\/fr\/wp-json\/wp\/v2\/media?parent=2495"}],"wp:term":[{"taxonomy":"category","embeddable":true,"href":"https:\/\/www.eem.ca\/fr\/wp-json\/wp\/v2\/categories?post=2495"},{"taxonomy":"post_tag","embeddable":true,"href":"https:\/\/www.eem.ca\/fr\/wp-json\/wp\/v2\/tags?post=2495"}],"curies":[{"name":"wp","href":"https:\/\/api.w.org\/{rel}","templated":true}]}}