{"id":2606,"date":"2014-06-25T15:04:00","date_gmt":"2014-06-25T15:04:00","guid":{"rendered":"https:\/\/www.eem.ca\/fr\/2014\/06\/25\/eem-newsletter-june-2014\/"},"modified":"2016-11-15T22:46:37","modified_gmt":"2016-11-15T21:46:37","slug":"infolettre-eem-juin-2014","status":"publish","type":"post","link":"https:\/\/www.eem.ca\/fr\/2014\/06\/25\/infolettre-eem-juin-2014\/","title":{"rendered":"Infolettre \u00c9EM &#8211; juin 2014"},"content":{"rendered":"<h1><img loading=\"lazy\" decoding=\"async\" style=\"margin: 0px 20px; border: 0px;\" src=\"https:\/\/origin.ih.constantcontact.com\/fs138\/1101910326421\/img\/49.jpg\" alt=\"\" width=\"83\" height=\"71\" name=\"ACCOUNT.IMAGE.49\" align=\"left\" border=\"0\" hspace=\"20\" vspace=\"15\" \/><\/h1>\n<p><strong>L&rsquo;association mini\u00e8re du Qu\u00e9bec adopte l&rsquo;initiative\u00a0<em>Vers le d\u00e9veloppement minier durable<\/em>\u00a0<\/strong><\/p>\n<p>L&rsquo;initiative<em>\u00a0<span style=\"color: #333333;\">Vers le d\u00e9veloppement minier durable<\/span><\/em>\u00a0(VDMD), \u00e9labor\u00e9 par l&rsquo;Association mini\u00e8re du Canada, vient d&rsquo;\u00eatre adopt\u00e9e par l&rsquo;Association mini\u00e8re du Qu\u00e9bec.\u00a0<strong><a href=\"https:\/\/www.eem.ca\/fr\/2014\/06\/19\/lassociation-miniere-du-quebec-adopte-linitiative-vers-le-developpement-minier-durable\/\" target=\"_blank\" shape=\"rect\">Lire la suite.<\/a><\/strong><strong>\u00a0<\/strong><\/p>\n<p><strong><br \/>\nUn nouveau p\u00f4le de d\u00e9veloppement durable\u00a0<\/strong><strong>\u00e0\u00a0<\/strong><strong>l&rsquo;Universit\u00e9 de McGill?<\/strong><\/p>\n<p>\u00c9EM\u00a0a \u00e9t\u00e9 retenu\u00a0pour animer\u00a0un\u00a0atelier\u00a0d&rsquo;une demi-journ\u00e9e pour\u00a0la communaut\u00e9\u00a0de l&rsquo;Universit\u00e9 de McGill\u00a0alors qu&rsquo;elle\u00a0envisageait\u00a0la cr\u00e9ation d&rsquo;un\u00a0nouveau\u00a0p\u00f4le\u00a0de d\u00e9veloppement durable.\u00a0<strong><a href=\"https:\/\/www.eem.ca\/fr\/case-study\/animation-dun-exercice-pour-elaborer-une-vision\/\" target=\"_blank\" shape=\"rect\">Lire l&rsquo;\u00e9tude de cas.<\/a><\/strong><\/p>\n<div>\n<div><strong><img loading=\"lazy\" decoding=\"async\" style=\"margin: 0px 20px; border: 0px;\" src=\"https:\/\/origin.ih.constantcontact.com\/fs138\/1101910326421\/img\/50.jpg\" alt=\"\" width=\"83\" height=\"104\" name=\"ACCOUNT.IMAGE.50\" align=\"right\" border=\"0\" hspace=\"20\" vspace=\"20\" \/><\/strong><\/div>\n<div align=\"justify\">\n<div>\n<p align=\"left\"><strong>Projet de norme ISO14001: 2014 disponible le\u00a01er\u00a0juillet<\/strong><\/p>\n<\/div>\n<p>La norme ISO 14001 Syst\u00e8mes de gestion de l&rsquo;environnement\u00a0 est en cours de r\u00e9vision. Le projet de la nouvelle version est actuellement pr\u00e9vu pour le 1er\u00a0juillet 2014 (version anglaise). Ce sera la premi\u00e8re fois que les organisations auront l&rsquo;occasion d&rsquo;examiner les changements et de commencer leur transition. La r\u00e9vision finale est pr\u00e9vue pour septembre 2015. Lire notre\u00a0<strong><a href=\"https:\/\/www.eem.ca\/fr\/2013\/11\/07\/revisions-a-la-norme-iso-14001\/\" target=\"_blank\" shape=\"rect\">r\u00e9sum\u00e9 des changements anticip\u00e9s<\/a><\/strong>\u00a0publi\u00e9 pr\u00e9c\u00e9demment.<\/p>\n<div>\n<p><img loading=\"lazy\" decoding=\"async\" style=\"margin: 0px 25px; border: 0px;\" src=\"https:\/\/origin.ih.constantcontact.com\/fs138\/1101910326421\/img\/51.jpg\" alt=\"\" width=\"59\" height=\"70\" name=\"ACCOUNT.IMAGE.51\" align=\"left\" border=\"0\" hspace=\"25\" vspace=\"20\" \/><strong>Comment d\u00e9montrer les b\u00e9n\u00e9fices de la d\u00e9marche de d\u00e9veloppement durable?\u00a0<\/strong><\/p>\n<div>\n<p>Au printemps dernier, \u00c9EM a organis\u00e9 une formation d&rsquo;une demi-journ\u00e9e pour l&rsquo;auditoire des Grandes Conf\u00e9rences Les Affaires, sur le processus \u00e0 utiliser pour mesurer et pr\u00e9senter les avantages de l&rsquo;adoption d&rsquo;une d\u00e9marche de d\u00e9veloppement durable.<a href=\"https:\/\/www.eem.ca\/fr\/case-study\/atelier-sur-comment-demontrer-les-benefices-de-la-demarche-de-developpement-durable\/\" target=\"_blank\" shape=\"rect\">\u00a0<strong>Lire l&rsquo;\u00e9tude de cas<\/strong><\/a><strong>.<br \/>\n<\/strong><\/p>\n<\/div>\n<\/div>\n<\/div>\n<\/div>\n","protected":false},"excerpt":{"rendered":"<p>L&rsquo;association mini\u00e8re du Qu\u00e9bec adopte l&rsquo;initiative\u00a0Vers le d\u00e9veloppement minier durable\u00a0 L&rsquo;initiative\u00a0Vers le d\u00e9veloppement minier durable\u00a0(VDMD), \u00e9labor\u00e9 par l&rsquo;Association mini\u00e8re du [&hellip;]<\/p>\n","protected":false},"author":12,"featured_media":0,"comment_status":"open","ping_status":"closed","sticky":false,"template":"","format":"standard","meta":{"_acf_changed":false,"footnotes":""},"categories":[83],"tags":[],"class_list":["post-2606","post","type-post","status-publish","format-standard","hentry","category-bulletin-de-nouvelles"],"acf":[],"yoast_head":"<!-- This site is optimized with the Yoast SEO plugin v26.6 - https:\/\/yoast.com\/wordpress\/plugins\/seo\/ -->\n<title>Infolettre \u00c9EM - juin 2014 - EEM - Gestion ESS<\/title>\n<meta name=\"robots\" content=\"index, follow, max-snippet:-1, max-image-preview:large, max-video-preview:-1\" \/>\n<link rel=\"canonical\" href=\"https:\/\/www.eem.ca\/fr\/2014\/06\/25\/infolettre-eem-juin-2014\/\" \/>\n<meta name=\"twitter:label1\" content=\"\u00c9crit par\" \/>\n\t<meta name=\"twitter:data1\" content=\"webmaster@u7solutions.com\" \/>\n\t<meta name=\"twitter:label2\" content=\"Dur\u00e9e de lecture estim\u00e9e\" \/>\n\t<meta name=\"twitter:data2\" content=\"1 minute\" \/>\n<script type=\"application\/ld+json\" class=\"yoast-schema-graph\">{\"@context\":\"https:\/\/schema.org\",\"@graph\":[{\"@type\":\"WebPage\",\"@id\":\"https:\/\/www.eem.ca\/fr\/2014\/06\/25\/infolettre-eem-juin-2014\/\",\"url\":\"https:\/\/www.eem.ca\/fr\/2014\/06\/25\/infolettre-eem-juin-2014\/\",\"name\":\"Infolettre \u00c9EM - juin 2014 - EEM - Gestion ESS\",\"isPartOf\":{\"@id\":\"https:\/\/www.eem.ca\/#website\"},\"primaryImageOfPage\":{\"@id\":\"https:\/\/www.eem.ca\/fr\/2014\/06\/25\/infolettre-eem-juin-2014\/#primaryimage\"},\"image\":{\"@id\":\"https:\/\/www.eem.ca\/fr\/2014\/06\/25\/infolettre-eem-juin-2014\/#primaryimage\"},\"thumbnailUrl\":\"https:\/\/origin.ih.constantcontact.com\/fs138\/1101910326421\/img\/49.jpg\",\"datePublished\":\"2014-06-25T15:04:00+00:00\",\"dateModified\":\"2016-11-15T21:46:37+00:00\",\"author\":{\"@id\":\"https:\/\/www.eem.ca\/#\/schema\/person\/72b84179f3b359bc514dfa9c88662d0d\"},\"breadcrumb\":{\"@id\":\"https:\/\/www.eem.ca\/fr\/2014\/06\/25\/infolettre-eem-juin-2014\/#breadcrumb\"},\"inLanguage\":\"fr-FR\",\"potentialAction\":[{\"@type\":\"ReadAction\",\"target\":[\"https:\/\/www.eem.ca\/fr\/2014\/06\/25\/infolettre-eem-juin-2014\/\"]}]},{\"@type\":\"ImageObject\",\"inLanguage\":\"fr-FR\",\"@id\":\"https:\/\/www.eem.ca\/fr\/2014\/06\/25\/infolettre-eem-juin-2014\/#primaryimage\",\"url\":\"https:\/\/origin.ih.constantcontact.com\/fs138\/1101910326421\/img\/49.jpg\",\"contentUrl\":\"https:\/\/origin.ih.constantcontact.com\/fs138\/1101910326421\/img\/49.jpg\"},{\"@type\":\"BreadcrumbList\",\"@id\":\"https:\/\/www.eem.ca\/fr\/2014\/06\/25\/infolettre-eem-juin-2014\/#breadcrumb\",\"itemListElement\":[{\"@type\":\"ListItem\",\"position\":1,\"name\":\"Home\",\"item\":\"https:\/\/www.eem.ca\/fr\/\"},{\"@type\":\"ListItem\",\"position\":2,\"name\":\"Infolettre \u00c9EM &#8211; juin 2014\"}]},{\"@type\":\"WebSite\",\"@id\":\"https:\/\/www.eem.ca\/#website\",\"url\":\"https:\/\/www.eem.ca\/\",\"name\":\"EEM - Gestion ESS\",\"description\":\"EEM Gestion ESS est une firme-conseil ind\u00e9pendante qui aide ses clients \u00e0 \u00e9valuer, g\u00e9rer et am\u00e9liorer leur performance en environnement, sant\u00e9 et s\u00e9curit\u00e9.\",\"potentialAction\":[{\"@type\":\"SearchAction\",\"target\":{\"@type\":\"EntryPoint\",\"urlTemplate\":\"https:\/\/www.eem.ca\/?s={search_term_string}\"},\"query-input\":{\"@type\":\"PropertyValueSpecification\",\"valueRequired\":true,\"valueName\":\"search_term_string\"}}],\"inLanguage\":\"fr-FR\"},{\"@type\":\"Person\",\"@id\":\"https:\/\/www.eem.ca\/#\/schema\/person\/72b84179f3b359bc514dfa9c88662d0d\",\"name\":\"webmaster@u7solutions.com\"}]}<\/script>\n<!-- \/ Yoast SEO plugin. -->","yoast_head_json":{"title":"Infolettre \u00c9EM - juin 2014 - EEM - Gestion ESS","robots":{"index":"index","follow":"follow","max-snippet":"max-snippet:-1","max-image-preview":"max-image-preview:large","max-video-preview":"max-video-preview:-1"},"canonical":"https:\/\/www.eem.ca\/fr\/2014\/06\/25\/infolettre-eem-juin-2014\/","twitter_misc":{"\u00c9crit par":"webmaster@u7solutions.com","Dur\u00e9e de lecture estim\u00e9e":"1 minute"},"schema":{"@context":"https:\/\/schema.org","@graph":[{"@type":"WebPage","@id":"https:\/\/www.eem.ca\/fr\/2014\/06\/25\/infolettre-eem-juin-2014\/","url":"https:\/\/www.eem.ca\/fr\/2014\/06\/25\/infolettre-eem-juin-2014\/","name":"Infolettre \u00c9EM - juin 2014 - EEM - Gestion ESS","isPartOf":{"@id":"https:\/\/www.eem.ca\/#website"},"primaryImageOfPage":{"@id":"https:\/\/www.eem.ca\/fr\/2014\/06\/25\/infolettre-eem-juin-2014\/#primaryimage"},"image":{"@id":"https:\/\/www.eem.ca\/fr\/2014\/06\/25\/infolettre-eem-juin-2014\/#primaryimage"},"thumbnailUrl":"https:\/\/origin.ih.constantcontact.com\/fs138\/1101910326421\/img\/49.jpg","datePublished":"2014-06-25T15:04:00+00:00","dateModified":"2016-11-15T21:46:37+00:00","author":{"@id":"https:\/\/www.eem.ca\/#\/schema\/person\/72b84179f3b359bc514dfa9c88662d0d"},"breadcrumb":{"@id":"https:\/\/www.eem.ca\/fr\/2014\/06\/25\/infolettre-eem-juin-2014\/#breadcrumb"},"inLanguage":"fr-FR","potentialAction":[{"@type":"ReadAction","target":["https:\/\/www.eem.ca\/fr\/2014\/06\/25\/infolettre-eem-juin-2014\/"]}]},{"@type":"ImageObject","inLanguage":"fr-FR","@id":"https:\/\/www.eem.ca\/fr\/2014\/06\/25\/infolettre-eem-juin-2014\/#primaryimage","url":"https:\/\/origin.ih.constantcontact.com\/fs138\/1101910326421\/img\/49.jpg","contentUrl":"https:\/\/origin.ih.constantcontact.com\/fs138\/1101910326421\/img\/49.jpg"},{"@type":"BreadcrumbList","@id":"https:\/\/www.eem.ca\/fr\/2014\/06\/25\/infolettre-eem-juin-2014\/#breadcrumb","itemListElement":[{"@type":"ListItem","position":1,"name":"Home","item":"https:\/\/www.eem.ca\/fr\/"},{"@type":"ListItem","position":2,"name":"Infolettre \u00c9EM &#8211; juin 2014"}]},{"@type":"WebSite","@id":"https:\/\/www.eem.ca\/#website","url":"https:\/\/www.eem.ca\/","name":"EEM - Gestion ESS","description":"EEM Gestion ESS est une firme-conseil ind\u00e9pendante qui aide ses clients \u00e0 \u00e9valuer, g\u00e9rer et am\u00e9liorer leur performance en environnement, sant\u00e9 et s\u00e9curit\u00e9.","potentialAction":[{"@type":"SearchAction","target":{"@type":"EntryPoint","urlTemplate":"https:\/\/www.eem.ca\/?s={search_term_string}"},"query-input":{"@type":"PropertyValueSpecification","valueRequired":true,"valueName":"search_term_string"}}],"inLanguage":"fr-FR"},{"@type":"Person","@id":"https:\/\/www.eem.ca\/#\/schema\/person\/72b84179f3b359bc514dfa9c88662d0d","name":"webmaster@u7solutions.com"}]}},"_links":{"self":[{"href":"https:\/\/www.eem.ca\/fr\/wp-json\/wp\/v2\/posts\/2606","targetHints":{"allow":["GET"]}}],"collection":[{"href":"https:\/\/www.eem.ca\/fr\/wp-json\/wp\/v2\/posts"}],"about":[{"href":"https:\/\/www.eem.ca\/fr\/wp-json\/wp\/v2\/types\/post"}],"author":[{"embeddable":true,"href":"https:\/\/www.eem.ca\/fr\/wp-json\/wp\/v2\/users\/12"}],"replies":[{"embeddable":true,"href":"https:\/\/www.eem.ca\/fr\/wp-json\/wp\/v2\/comments?post=2606"}],"version-history":[{"count":0,"href":"https:\/\/www.eem.ca\/fr\/wp-json\/wp\/v2\/posts\/2606\/revisions"}],"wp:attachment":[{"href":"https:\/\/www.eem.ca\/fr\/wp-json\/wp\/v2\/media?parent=2606"}],"wp:term":[{"taxonomy":"category","embeddable":true,"href":"https:\/\/www.eem.ca\/fr\/wp-json\/wp\/v2\/categories?post=2606"},{"taxonomy":"post_tag","embeddable":true,"href":"https:\/\/www.eem.ca\/fr\/wp-json\/wp\/v2\/tags?post=2606"}],"curies":[{"name":"wp","href":"https:\/\/api.w.org\/{rel}","templated":true}]}}