{"id":2619,"date":"2014-06-02T17:50:33","date_gmt":"2014-06-02T17:50:33","guid":{"rendered":"https:\/\/www.eem.ca\/fr\/2014\/06\/02\/a-new-sustainability-hub-at-mcgill\/"},"modified":"2016-11-12T21:03:29","modified_gmt":"2016-11-12T20:03:29","slug":"un-nouveau-pole-de-developpement-durable-a-luniversite-de-mcgill","status":"publish","type":"post","link":"https:\/\/www.eem.ca\/fr\/2014\/06\/02\/un-nouveau-pole-de-developpement-durable-a-luniversite-de-mcgill\/","title":{"rendered":"Un nouveau p\u00f4le de d\u00e9veloppement durable \u00e0 l\u2019Universit\u00e9 de McGill?"},"content":{"rendered":"<p>\u00c9EM a \u00e9t\u00e9 retenu pour animer un atelier d&rsquo;une demi-journ\u00e9e pour la communaut\u00e9 de l\u2019Universit\u00e9 de McGill alors qu\u2019elle envisage la cr\u00e9ation d&rsquo;un nouveau p\u00f4le de d\u00e9veloppement durable.<\/p>\n<h3>Approche et solution<\/h3>\n<p>Intitul\u00e9 \u00ab Net Positive \u00bb, le projet a d\u2019abord entendu les propos de plusieurs conf\u00e9renciers-experts : professionnels du design, architectes, professeurs et personnel poss\u00e9dant une vaste exp\u00e9rience en b\u00e2timents \u00e9cologiques et communaut\u00e9s durables. Ces pr\u00e9sentations ont \u00e9t\u00e9 suivies d\u2019un atelier collaboratif pour \u00e9tablir les bases d\u2019un nouveau p\u00f4le de d\u00e9veloppement durable potentiel pour la communaut\u00e9 de McGill.<br \/>\n\u00c9EM, \u00e0 l\u2019aide des chefs de projet, a \u00e9labor\u00e9 le plan d\u00e9taill\u00e9 de l\u2019atelier avec un premier exercice de visionnement visant \u00e0 identifier les caract\u00e9ristiques du p\u00f4le, une compr\u00e9hension commune de la n\u00e9cessit\u00e9 d\u2019un b\u00e2timent \u00e9cologique et comment celui-ci pourrait contribuer \u00e0 la communaut\u00e9 de McGill. Un deuxi\u00e8me exercice sur les obstacles et les catalyseurs potentiels \u00e9tait ax\u00e9 sur l\u2019identification des priorit\u00e9s et des actions cl\u00e9s. En dernier lieu, un comit\u00e9 directeur provisoire a \u00e9t\u00e9 \u00e9tabli pour le projet.<\/p>\n<h3>R\u00e9sultats<\/h3>\n<p>L\u2019atelier a attir\u00e9 une bonne participation, avec environ 40 participants provenant du corps professoral, de l\u2019administration, des \u00e9tudiants, et du personnel de soutien. Les discussions qui en sont sorties \u00e9taient stimulantes et ont permis d\u2019explorer de nombreux sc\u00e9narios. Les r\u00e9sultats permettront au nouveau comit\u00e9 directeur d\u2019articuler une vision et un plan d\u2019action pour le projet.<\/p>\n","protected":false},"excerpt":{"rendered":"<p>\u00c9EM a \u00e9t\u00e9 retenu pour animer un atelier d&rsquo;une demi-journ\u00e9e pour la communaut\u00e9 de l\u2019Universit\u00e9 de McGill alors qu\u2019elle envisage [&hellip;]<\/p>\n","protected":false},"author":2,"featured_media":0,"comment_status":"open","ping_status":"closed","sticky":false,"template":"","format":"standard","meta":{"_acf_changed":false,"footnotes":""},"categories":[81],"tags":[],"class_list":["post-2619","post","type-post","status-publish","format-standard","hentry","category-etudes-de-cas"],"acf":[],"yoast_head":"<!-- This site is optimized with the Yoast SEO plugin v26.6 - https:\/\/yoast.com\/wordpress\/plugins\/seo\/ -->\n<title>Un nouveau p\u00f4le de d\u00e9veloppement durable \u00e0 l\u2019Universit\u00e9 de McGill? - EEM - Gestion ESS<\/title>\n<meta name=\"robots\" content=\"index, follow, max-snippet:-1, max-image-preview:large, max-video-preview:-1\" \/>\n<link rel=\"canonical\" href=\"https:\/\/www.eem.ca\/fr\/2014\/06\/02\/un-nouveau-pole-de-developpement-durable-a-luniversite-de-mcgill\/\" \/>\n<meta name=\"twitter:label1\" content=\"\u00c9crit par\" \/>\n\t<meta name=\"twitter:data1\" content=\"eem_client\" \/>\n\t<meta name=\"twitter:label2\" content=\"Dur\u00e9e de lecture estim\u00e9e\" \/>\n\t<meta name=\"twitter:data2\" content=\"1 minute\" \/>\n<script type=\"application\/ld+json\" class=\"yoast-schema-graph\">{\"@context\":\"https:\/\/schema.org\",\"@graph\":[{\"@type\":\"WebPage\",\"@id\":\"https:\/\/www.eem.ca\/fr\/2014\/06\/02\/un-nouveau-pole-de-developpement-durable-a-luniversite-de-mcgill\/\",\"url\":\"https:\/\/www.eem.ca\/fr\/2014\/06\/02\/un-nouveau-pole-de-developpement-durable-a-luniversite-de-mcgill\/\",\"name\":\"Un nouveau p\u00f4le de d\u00e9veloppement durable \u00e0 l\u2019Universit\u00e9 de McGill? - EEM - Gestion ESS\",\"isPartOf\":{\"@id\":\"https:\/\/www.eem.ca\/#website\"},\"datePublished\":\"2014-06-02T17:50:33+00:00\",\"dateModified\":\"2016-11-12T20:03:29+00:00\",\"author\":{\"@id\":\"https:\/\/www.eem.ca\/#\/schema\/person\/8382d062adfdf3ae2a9b476c4fc52965\"},\"breadcrumb\":{\"@id\":\"https:\/\/www.eem.ca\/fr\/2014\/06\/02\/un-nouveau-pole-de-developpement-durable-a-luniversite-de-mcgill\/#breadcrumb\"},\"inLanguage\":\"fr-FR\",\"potentialAction\":[{\"@type\":\"ReadAction\",\"target\":[\"https:\/\/www.eem.ca\/fr\/2014\/06\/02\/un-nouveau-pole-de-developpement-durable-a-luniversite-de-mcgill\/\"]}]},{\"@type\":\"BreadcrumbList\",\"@id\":\"https:\/\/www.eem.ca\/fr\/2014\/06\/02\/un-nouveau-pole-de-developpement-durable-a-luniversite-de-mcgill\/#breadcrumb\",\"itemListElement\":[{\"@type\":\"ListItem\",\"position\":1,\"name\":\"Home\",\"item\":\"https:\/\/www.eem.ca\/fr\/\"},{\"@type\":\"ListItem\",\"position\":2,\"name\":\"Un nouveau p\u00f4le de d\u00e9veloppement durable \u00e0 l\u2019Universit\u00e9 de McGill?\"}]},{\"@type\":\"WebSite\",\"@id\":\"https:\/\/www.eem.ca\/#website\",\"url\":\"https:\/\/www.eem.ca\/\",\"name\":\"EEM - Gestion ESS\",\"description\":\"EEM Gestion ESS est une firme-conseil ind\u00e9pendante qui aide ses clients \u00e0 \u00e9valuer, g\u00e9rer et am\u00e9liorer leur performance en environnement, sant\u00e9 et s\u00e9curit\u00e9.\",\"potentialAction\":[{\"@type\":\"SearchAction\",\"target\":{\"@type\":\"EntryPoint\",\"urlTemplate\":\"https:\/\/www.eem.ca\/?s={search_term_string}\"},\"query-input\":{\"@type\":\"PropertyValueSpecification\",\"valueRequired\":true,\"valueName\":\"search_term_string\"}}],\"inLanguage\":\"fr-FR\"},{\"@type\":\"Person\",\"@id\":\"https:\/\/www.eem.ca\/#\/schema\/person\/8382d062adfdf3ae2a9b476c4fc52965\",\"name\":\"eem_client\"}]}<\/script>\n<!-- \/ Yoast SEO plugin. -->","yoast_head_json":{"title":"Un nouveau p\u00f4le de d\u00e9veloppement durable \u00e0 l\u2019Universit\u00e9 de McGill? - EEM - Gestion ESS","robots":{"index":"index","follow":"follow","max-snippet":"max-snippet:-1","max-image-preview":"max-image-preview:large","max-video-preview":"max-video-preview:-1"},"canonical":"https:\/\/www.eem.ca\/fr\/2014\/06\/02\/un-nouveau-pole-de-developpement-durable-a-luniversite-de-mcgill\/","twitter_misc":{"\u00c9crit par":"eem_client","Dur\u00e9e de lecture estim\u00e9e":"1 minute"},"schema":{"@context":"https:\/\/schema.org","@graph":[{"@type":"WebPage","@id":"https:\/\/www.eem.ca\/fr\/2014\/06\/02\/un-nouveau-pole-de-developpement-durable-a-luniversite-de-mcgill\/","url":"https:\/\/www.eem.ca\/fr\/2014\/06\/02\/un-nouveau-pole-de-developpement-durable-a-luniversite-de-mcgill\/","name":"Un nouveau p\u00f4le de d\u00e9veloppement durable \u00e0 l\u2019Universit\u00e9 de McGill? - EEM - Gestion ESS","isPartOf":{"@id":"https:\/\/www.eem.ca\/#website"},"datePublished":"2014-06-02T17:50:33+00:00","dateModified":"2016-11-12T20:03:29+00:00","author":{"@id":"https:\/\/www.eem.ca\/#\/schema\/person\/8382d062adfdf3ae2a9b476c4fc52965"},"breadcrumb":{"@id":"https:\/\/www.eem.ca\/fr\/2014\/06\/02\/un-nouveau-pole-de-developpement-durable-a-luniversite-de-mcgill\/#breadcrumb"},"inLanguage":"fr-FR","potentialAction":[{"@type":"ReadAction","target":["https:\/\/www.eem.ca\/fr\/2014\/06\/02\/un-nouveau-pole-de-developpement-durable-a-luniversite-de-mcgill\/"]}]},{"@type":"BreadcrumbList","@id":"https:\/\/www.eem.ca\/fr\/2014\/06\/02\/un-nouveau-pole-de-developpement-durable-a-luniversite-de-mcgill\/#breadcrumb","itemListElement":[{"@type":"ListItem","position":1,"name":"Home","item":"https:\/\/www.eem.ca\/fr\/"},{"@type":"ListItem","position":2,"name":"Un nouveau p\u00f4le de d\u00e9veloppement durable \u00e0 l\u2019Universit\u00e9 de McGill?"}]},{"@type":"WebSite","@id":"https:\/\/www.eem.ca\/#website","url":"https:\/\/www.eem.ca\/","name":"EEM - Gestion ESS","description":"EEM Gestion ESS est une firme-conseil ind\u00e9pendante qui aide ses clients \u00e0 \u00e9valuer, g\u00e9rer et am\u00e9liorer leur performance en environnement, sant\u00e9 et s\u00e9curit\u00e9.","potentialAction":[{"@type":"SearchAction","target":{"@type":"EntryPoint","urlTemplate":"https:\/\/www.eem.ca\/?s={search_term_string}"},"query-input":{"@type":"PropertyValueSpecification","valueRequired":true,"valueName":"search_term_string"}}],"inLanguage":"fr-FR"},{"@type":"Person","@id":"https:\/\/www.eem.ca\/#\/schema\/person\/8382d062adfdf3ae2a9b476c4fc52965","name":"eem_client"}]}},"_links":{"self":[{"href":"https:\/\/www.eem.ca\/fr\/wp-json\/wp\/v2\/posts\/2619","targetHints":{"allow":["GET"]}}],"collection":[{"href":"https:\/\/www.eem.ca\/fr\/wp-json\/wp\/v2\/posts"}],"about":[{"href":"https:\/\/www.eem.ca\/fr\/wp-json\/wp\/v2\/types\/post"}],"author":[{"embeddable":true,"href":"https:\/\/www.eem.ca\/fr\/wp-json\/wp\/v2\/users\/2"}],"replies":[{"embeddable":true,"href":"https:\/\/www.eem.ca\/fr\/wp-json\/wp\/v2\/comments?post=2619"}],"version-history":[{"count":0,"href":"https:\/\/www.eem.ca\/fr\/wp-json\/wp\/v2\/posts\/2619\/revisions"}],"wp:attachment":[{"href":"https:\/\/www.eem.ca\/fr\/wp-json\/wp\/v2\/media?parent=2619"}],"wp:term":[{"taxonomy":"category","embeddable":true,"href":"https:\/\/www.eem.ca\/fr\/wp-json\/wp\/v2\/categories?post=2619"},{"taxonomy":"post_tag","embeddable":true,"href":"https:\/\/www.eem.ca\/fr\/wp-json\/wp\/v2\/tags?post=2619"}],"curies":[{"name":"wp","href":"https:\/\/api.w.org\/{rel}","templated":true}]}}