{"id":2656,"date":"2013-10-25T12:55:25","date_gmt":"2013-10-25T12:55:25","guid":{"rendered":"https:\/\/www.eem.ca\/fr\/2013\/10\/25\/eem-president-at-the-world-mining-congress\/"},"modified":"2016-11-30T23:53:32","modified_gmt":"2016-11-30T22:53:32","slug":"president-de-eem-au-congres-mondial-des-mines","status":"publish","type":"post","link":"https:\/\/www.eem.ca\/fr\/2013\/10\/25\/president-de-eem-au-congres-mondial-des-mines\/","title":{"rendered":"Le pr\u00e9sident d&rsquo;\u00c9EM au Congr\u00e8s mondial des mines"},"content":{"rendered":"<p>Paul MacLean, pr\u00e9sident et fondateur d&rsquo;\u00c9EM, a anim\u00e9 une session sur des \u00e9tudes de cas en Responsabilit\u00e9 Sociale d&rsquo;Entreprise (RSE) et sur la performance sociale lors du Congr\u00e8s mondial des mines \u00e0 Montr\u00e9al au mois d&rsquo;ao\u00fbt dernier. Lors de cette session, le <a href=\"http:\/\/www.brocku.ca\/social-sciences\/undergraduate-programs\/political-science\/faculty-and-staff\/professors-by-area\/hevina-dashwood\">Dr Hevina Dashwood<\/a>, professeure titulaire \u00e0 l&rsquo;Universit\u00e9 Brock, a pr\u00e9sent\u00e9 une \u00e9tude qui porte sur l\u2019adoption de pratiques de RSE \u00a0dans l&rsquo;industrie mini\u00e8re mondiale, intitul\u00e9e <em>La convergence et la diversit\u00e9<\/em>. \u00a0Pour sa part, le <a href=\"http:\/\/uwaterloo.ca\/political-science\/people-profiles\/frederick-bird\">Dr Frederick Bird<\/a>, professeur \u00e0 l&rsquo;Universit\u00e9 de Waterloo, s\u2019est exprim\u00e9 sur les pratiques de l&rsquo;industrie mini\u00e8re et la r\u00e9partition de la richesse dans les pays en d\u00e9veloppement.<\/p>\n","protected":false},"excerpt":{"rendered":"<p>Paul MacLean, pr\u00e9sident et fondateur d&rsquo;\u00c9EM, a anim\u00e9 une session sur des \u00e9tudes de cas en Responsabilit\u00e9 Sociale d&rsquo;Entreprise (RSE) [&hellip;]<\/p>\n","protected":false},"author":2,"featured_media":0,"comment_status":"open","ping_status":"closed","sticky":false,"template":"","format":"standard","meta":{"_acf_changed":false,"footnotes":""},"categories":[82],"tags":[],"class_list":["post-2656","post","type-post","status-publish","format-standard","hentry","category-conferences-webinaires-et-publications"],"acf":[],"yoast_head":"<!-- This site is optimized with the Yoast SEO plugin v26.6 - https:\/\/yoast.com\/wordpress\/plugins\/seo\/ -->\n<title>Le pr\u00e9sident d&#039;\u00c9EM au Congr\u00e8s mondial des mines - EEM - Gestion ESS<\/title>\n<meta name=\"robots\" content=\"index, follow, max-snippet:-1, max-image-preview:large, max-video-preview:-1\" \/>\n<link rel=\"canonical\" href=\"https:\/\/www.eem.ca\/fr\/2013\/10\/25\/president-de-eem-au-congres-mondial-des-mines\/\" \/>\n<meta name=\"twitter:label1\" content=\"\u00c9crit par\" \/>\n\t<meta name=\"twitter:data1\" content=\"eem_client\" \/>\n\t<meta name=\"twitter:label2\" content=\"Dur\u00e9e de lecture estim\u00e9e\" \/>\n\t<meta name=\"twitter:data2\" content=\"1 minute\" \/>\n<script type=\"application\/ld+json\" class=\"yoast-schema-graph\">{\"@context\":\"https:\/\/schema.org\",\"@graph\":[{\"@type\":\"WebPage\",\"@id\":\"https:\/\/www.eem.ca\/fr\/2013\/10\/25\/president-de-eem-au-congres-mondial-des-mines\/\",\"url\":\"https:\/\/www.eem.ca\/fr\/2013\/10\/25\/president-de-eem-au-congres-mondial-des-mines\/\",\"name\":\"Le pr\u00e9sident d'\u00c9EM au Congr\u00e8s mondial des mines - EEM - Gestion ESS\",\"isPartOf\":{\"@id\":\"https:\/\/www.eem.ca\/#website\"},\"datePublished\":\"2013-10-25T12:55:25+00:00\",\"dateModified\":\"2016-11-30T22:53:32+00:00\",\"author\":{\"@id\":\"https:\/\/www.eem.ca\/#\/schema\/person\/8382d062adfdf3ae2a9b476c4fc52965\"},\"breadcrumb\":{\"@id\":\"https:\/\/www.eem.ca\/fr\/2013\/10\/25\/president-de-eem-au-congres-mondial-des-mines\/#breadcrumb\"},\"inLanguage\":\"fr-FR\",\"potentialAction\":[{\"@type\":\"ReadAction\",\"target\":[\"https:\/\/www.eem.ca\/fr\/2013\/10\/25\/president-de-eem-au-congres-mondial-des-mines\/\"]}]},{\"@type\":\"BreadcrumbList\",\"@id\":\"https:\/\/www.eem.ca\/fr\/2013\/10\/25\/president-de-eem-au-congres-mondial-des-mines\/#breadcrumb\",\"itemListElement\":[{\"@type\":\"ListItem\",\"position\":1,\"name\":\"Home\",\"item\":\"https:\/\/www.eem.ca\/fr\/\"},{\"@type\":\"ListItem\",\"position\":2,\"name\":\"Le pr\u00e9sident d&rsquo;\u00c9EM au Congr\u00e8s mondial des mines\"}]},{\"@type\":\"WebSite\",\"@id\":\"https:\/\/www.eem.ca\/#website\",\"url\":\"https:\/\/www.eem.ca\/\",\"name\":\"EEM - Gestion ESS\",\"description\":\"EEM Gestion ESS est une firme-conseil ind\u00e9pendante qui aide ses clients \u00e0 \u00e9valuer, g\u00e9rer et am\u00e9liorer leur performance en environnement, sant\u00e9 et s\u00e9curit\u00e9.\",\"potentialAction\":[{\"@type\":\"SearchAction\",\"target\":{\"@type\":\"EntryPoint\",\"urlTemplate\":\"https:\/\/www.eem.ca\/?s={search_term_string}\"},\"query-input\":{\"@type\":\"PropertyValueSpecification\",\"valueRequired\":true,\"valueName\":\"search_term_string\"}}],\"inLanguage\":\"fr-FR\"},{\"@type\":\"Person\",\"@id\":\"https:\/\/www.eem.ca\/#\/schema\/person\/8382d062adfdf3ae2a9b476c4fc52965\",\"name\":\"eem_client\"}]}<\/script>\n<!-- \/ Yoast SEO plugin. -->","yoast_head_json":{"title":"Le pr\u00e9sident d'\u00c9EM au Congr\u00e8s mondial des mines - EEM - Gestion ESS","robots":{"index":"index","follow":"follow","max-snippet":"max-snippet:-1","max-image-preview":"max-image-preview:large","max-video-preview":"max-video-preview:-1"},"canonical":"https:\/\/www.eem.ca\/fr\/2013\/10\/25\/president-de-eem-au-congres-mondial-des-mines\/","twitter_misc":{"\u00c9crit par":"eem_client","Dur\u00e9e de lecture estim\u00e9e":"1 minute"},"schema":{"@context":"https:\/\/schema.org","@graph":[{"@type":"WebPage","@id":"https:\/\/www.eem.ca\/fr\/2013\/10\/25\/president-de-eem-au-congres-mondial-des-mines\/","url":"https:\/\/www.eem.ca\/fr\/2013\/10\/25\/president-de-eem-au-congres-mondial-des-mines\/","name":"Le pr\u00e9sident d'\u00c9EM au Congr\u00e8s mondial des mines - EEM - Gestion ESS","isPartOf":{"@id":"https:\/\/www.eem.ca\/#website"},"datePublished":"2013-10-25T12:55:25+00:00","dateModified":"2016-11-30T22:53:32+00:00","author":{"@id":"https:\/\/www.eem.ca\/#\/schema\/person\/8382d062adfdf3ae2a9b476c4fc52965"},"breadcrumb":{"@id":"https:\/\/www.eem.ca\/fr\/2013\/10\/25\/president-de-eem-au-congres-mondial-des-mines\/#breadcrumb"},"inLanguage":"fr-FR","potentialAction":[{"@type":"ReadAction","target":["https:\/\/www.eem.ca\/fr\/2013\/10\/25\/president-de-eem-au-congres-mondial-des-mines\/"]}]},{"@type":"BreadcrumbList","@id":"https:\/\/www.eem.ca\/fr\/2013\/10\/25\/president-de-eem-au-congres-mondial-des-mines\/#breadcrumb","itemListElement":[{"@type":"ListItem","position":1,"name":"Home","item":"https:\/\/www.eem.ca\/fr\/"},{"@type":"ListItem","position":2,"name":"Le pr\u00e9sident d&rsquo;\u00c9EM au Congr\u00e8s mondial des mines"}]},{"@type":"WebSite","@id":"https:\/\/www.eem.ca\/#website","url":"https:\/\/www.eem.ca\/","name":"EEM - Gestion ESS","description":"EEM Gestion ESS est une firme-conseil ind\u00e9pendante qui aide ses clients \u00e0 \u00e9valuer, g\u00e9rer et am\u00e9liorer leur performance en environnement, sant\u00e9 et s\u00e9curit\u00e9.","potentialAction":[{"@type":"SearchAction","target":{"@type":"EntryPoint","urlTemplate":"https:\/\/www.eem.ca\/?s={search_term_string}"},"query-input":{"@type":"PropertyValueSpecification","valueRequired":true,"valueName":"search_term_string"}}],"inLanguage":"fr-FR"},{"@type":"Person","@id":"https:\/\/www.eem.ca\/#\/schema\/person\/8382d062adfdf3ae2a9b476c4fc52965","name":"eem_client"}]}},"_links":{"self":[{"href":"https:\/\/www.eem.ca\/fr\/wp-json\/wp\/v2\/posts\/2656","targetHints":{"allow":["GET"]}}],"collection":[{"href":"https:\/\/www.eem.ca\/fr\/wp-json\/wp\/v2\/posts"}],"about":[{"href":"https:\/\/www.eem.ca\/fr\/wp-json\/wp\/v2\/types\/post"}],"author":[{"embeddable":true,"href":"https:\/\/www.eem.ca\/fr\/wp-json\/wp\/v2\/users\/2"}],"replies":[{"embeddable":true,"href":"https:\/\/www.eem.ca\/fr\/wp-json\/wp\/v2\/comments?post=2656"}],"version-history":[{"count":0,"href":"https:\/\/www.eem.ca\/fr\/wp-json\/wp\/v2\/posts\/2656\/revisions"}],"wp:attachment":[{"href":"https:\/\/www.eem.ca\/fr\/wp-json\/wp\/v2\/media?parent=2656"}],"wp:term":[{"taxonomy":"category","embeddable":true,"href":"https:\/\/www.eem.ca\/fr\/wp-json\/wp\/v2\/categories?post=2656"},{"taxonomy":"post_tag","embeddable":true,"href":"https:\/\/www.eem.ca\/fr\/wp-json\/wp\/v2\/tags?post=2656"}],"curies":[{"name":"wp","href":"https:\/\/api.w.org\/{rel}","templated":true}]}}