{"id":2673,"date":"2013-06-13T15:14:19","date_gmt":"2013-06-13T15:14:19","guid":{"rendered":"https:\/\/www.eem.ca\/fr\/2013\/06\/13\/kudos-to-lower-canada-college\/"},"modified":"2016-12-01T00:26:26","modified_gmt":"2016-11-30T23:26:26","slug":"kudos-pour-lower-canada-college","status":"publish","type":"post","link":"https:\/\/www.eem.ca\/fr\/2013\/06\/13\/kudos-pour-lower-canada-college\/","title":{"rendered":"\u00c9EM f\u00e9licite le Lower Canada College"},"content":{"rendered":"<p>\u00c9EM tient \u00e0 f\u00e9liciter le Lower Canada College (LCC) pour avoir \u00e9t\u00e9 consacr\u00e9 un des <a href=\"http:\/\/www.canadastop100.com\/environmental\/\">employeurs les plus verts au Canada<\/a> en 2013!<\/p>\n<p>Au cours des quatre derni\u00e8res ann\u00e9es, \u00c9EM a accompagn\u00e9 LCC dans l\u2019\u00e9laboration de son programme de d\u00e9veloppement durable, qui comprend un \u00e9nonc\u00e9 de mission, des objectifs et un tableau de bord, qui sera d\u00e9voil\u00e9 sous peu, pour suivre la performance du coll\u00e8ge en d\u00e9veloppement durable. Ces efforts appuient LCC dans sa mission de pr\u00e9parer ses \u00e9l\u00e8ves \u00ab \u00e0 la r\u00e9ussite et au leadership au sein d\u2019une soci\u00e9t\u00e9 plus durable et \u00e9quitable \u00bb. Voir <a href=\"http:\/\/www.lcc.ca\/cf_news\/view.cfm?newsid=1633\">les initiatives<\/a> qui ont men\u00e9 \u00e0 ce succ\u00e8s.<\/p>\n","protected":false},"excerpt":{"rendered":"<p>\u00c9EM tient \u00e0 f\u00e9liciter le Lower Canada College (LCC) pour avoir \u00e9t\u00e9 consacr\u00e9 un des employeurs les plus verts au [&hellip;]<\/p>\n","protected":false},"author":2,"featured_media":0,"comment_status":"open","ping_status":"closed","sticky":false,"template":"","format":"standard","meta":{"_acf_changed":false,"footnotes":""},"categories":[84],"tags":[],"class_list":["post-2673","post","type-post","status-publish","format-standard","hentry","category-a-noter"],"acf":[],"yoast_head":"<!-- This site is optimized with the Yoast SEO plugin v26.6 - https:\/\/yoast.com\/wordpress\/plugins\/seo\/ -->\n<title>\u00c9EM f\u00e9licite le Lower Canada College - EEM - Gestion ESS<\/title>\n<meta name=\"robots\" content=\"index, follow, max-snippet:-1, max-image-preview:large, max-video-preview:-1\" \/>\n<link rel=\"canonical\" href=\"https:\/\/www.eem.ca\/fr\/2013\/06\/13\/kudos-pour-lower-canada-college\/\" \/>\n<meta name=\"twitter:label1\" content=\"\u00c9crit par\" \/>\n\t<meta name=\"twitter:data1\" content=\"eem_client\" \/>\n\t<meta name=\"twitter:label2\" content=\"Dur\u00e9e de lecture estim\u00e9e\" \/>\n\t<meta name=\"twitter:data2\" content=\"1 minute\" \/>\n<script type=\"application\/ld+json\" class=\"yoast-schema-graph\">{\"@context\":\"https:\/\/schema.org\",\"@graph\":[{\"@type\":\"WebPage\",\"@id\":\"https:\/\/www.eem.ca\/fr\/2013\/06\/13\/kudos-pour-lower-canada-college\/\",\"url\":\"https:\/\/www.eem.ca\/fr\/2013\/06\/13\/kudos-pour-lower-canada-college\/\",\"name\":\"\u00c9EM f\u00e9licite le Lower Canada College - EEM - Gestion ESS\",\"isPartOf\":{\"@id\":\"https:\/\/www.eem.ca\/#website\"},\"datePublished\":\"2013-06-13T15:14:19+00:00\",\"dateModified\":\"2016-11-30T23:26:26+00:00\",\"author\":{\"@id\":\"https:\/\/www.eem.ca\/#\/schema\/person\/8382d062adfdf3ae2a9b476c4fc52965\"},\"breadcrumb\":{\"@id\":\"https:\/\/www.eem.ca\/fr\/2013\/06\/13\/kudos-pour-lower-canada-college\/#breadcrumb\"},\"inLanguage\":\"fr-FR\",\"potentialAction\":[{\"@type\":\"ReadAction\",\"target\":[\"https:\/\/www.eem.ca\/fr\/2013\/06\/13\/kudos-pour-lower-canada-college\/\"]}]},{\"@type\":\"BreadcrumbList\",\"@id\":\"https:\/\/www.eem.ca\/fr\/2013\/06\/13\/kudos-pour-lower-canada-college\/#breadcrumb\",\"itemListElement\":[{\"@type\":\"ListItem\",\"position\":1,\"name\":\"Home\",\"item\":\"https:\/\/www.eem.ca\/fr\/\"},{\"@type\":\"ListItem\",\"position\":2,\"name\":\"\u00c9EM f\u00e9licite le Lower Canada College\"}]},{\"@type\":\"WebSite\",\"@id\":\"https:\/\/www.eem.ca\/#website\",\"url\":\"https:\/\/www.eem.ca\/\",\"name\":\"EEM - Gestion ESS\",\"description\":\"EEM Gestion ESS est une firme-conseil ind\u00e9pendante qui aide ses clients \u00e0 \u00e9valuer, g\u00e9rer et am\u00e9liorer leur performance en environnement, sant\u00e9 et s\u00e9curit\u00e9.\",\"potentialAction\":[{\"@type\":\"SearchAction\",\"target\":{\"@type\":\"EntryPoint\",\"urlTemplate\":\"https:\/\/www.eem.ca\/?s={search_term_string}\"},\"query-input\":{\"@type\":\"PropertyValueSpecification\",\"valueRequired\":true,\"valueName\":\"search_term_string\"}}],\"inLanguage\":\"fr-FR\"},{\"@type\":\"Person\",\"@id\":\"https:\/\/www.eem.ca\/#\/schema\/person\/8382d062adfdf3ae2a9b476c4fc52965\",\"name\":\"eem_client\"}]}<\/script>\n<!-- \/ Yoast SEO plugin. -->","yoast_head_json":{"title":"\u00c9EM f\u00e9licite le Lower Canada College - EEM - Gestion ESS","robots":{"index":"index","follow":"follow","max-snippet":"max-snippet:-1","max-image-preview":"max-image-preview:large","max-video-preview":"max-video-preview:-1"},"canonical":"https:\/\/www.eem.ca\/fr\/2013\/06\/13\/kudos-pour-lower-canada-college\/","twitter_misc":{"\u00c9crit par":"eem_client","Dur\u00e9e de lecture estim\u00e9e":"1 minute"},"schema":{"@context":"https:\/\/schema.org","@graph":[{"@type":"WebPage","@id":"https:\/\/www.eem.ca\/fr\/2013\/06\/13\/kudos-pour-lower-canada-college\/","url":"https:\/\/www.eem.ca\/fr\/2013\/06\/13\/kudos-pour-lower-canada-college\/","name":"\u00c9EM f\u00e9licite le Lower Canada College - EEM - Gestion ESS","isPartOf":{"@id":"https:\/\/www.eem.ca\/#website"},"datePublished":"2013-06-13T15:14:19+00:00","dateModified":"2016-11-30T23:26:26+00:00","author":{"@id":"https:\/\/www.eem.ca\/#\/schema\/person\/8382d062adfdf3ae2a9b476c4fc52965"},"breadcrumb":{"@id":"https:\/\/www.eem.ca\/fr\/2013\/06\/13\/kudos-pour-lower-canada-college\/#breadcrumb"},"inLanguage":"fr-FR","potentialAction":[{"@type":"ReadAction","target":["https:\/\/www.eem.ca\/fr\/2013\/06\/13\/kudos-pour-lower-canada-college\/"]}]},{"@type":"BreadcrumbList","@id":"https:\/\/www.eem.ca\/fr\/2013\/06\/13\/kudos-pour-lower-canada-college\/#breadcrumb","itemListElement":[{"@type":"ListItem","position":1,"name":"Home","item":"https:\/\/www.eem.ca\/fr\/"},{"@type":"ListItem","position":2,"name":"\u00c9EM f\u00e9licite le Lower Canada College"}]},{"@type":"WebSite","@id":"https:\/\/www.eem.ca\/#website","url":"https:\/\/www.eem.ca\/","name":"EEM - Gestion ESS","description":"EEM Gestion ESS est une firme-conseil ind\u00e9pendante qui aide ses clients \u00e0 \u00e9valuer, g\u00e9rer et am\u00e9liorer leur performance en environnement, sant\u00e9 et s\u00e9curit\u00e9.","potentialAction":[{"@type":"SearchAction","target":{"@type":"EntryPoint","urlTemplate":"https:\/\/www.eem.ca\/?s={search_term_string}"},"query-input":{"@type":"PropertyValueSpecification","valueRequired":true,"valueName":"search_term_string"}}],"inLanguage":"fr-FR"},{"@type":"Person","@id":"https:\/\/www.eem.ca\/#\/schema\/person\/8382d062adfdf3ae2a9b476c4fc52965","name":"eem_client"}]}},"_links":{"self":[{"href":"https:\/\/www.eem.ca\/fr\/wp-json\/wp\/v2\/posts\/2673","targetHints":{"allow":["GET"]}}],"collection":[{"href":"https:\/\/www.eem.ca\/fr\/wp-json\/wp\/v2\/posts"}],"about":[{"href":"https:\/\/www.eem.ca\/fr\/wp-json\/wp\/v2\/types\/post"}],"author":[{"embeddable":true,"href":"https:\/\/www.eem.ca\/fr\/wp-json\/wp\/v2\/users\/2"}],"replies":[{"embeddable":true,"href":"https:\/\/www.eem.ca\/fr\/wp-json\/wp\/v2\/comments?post=2673"}],"version-history":[{"count":0,"href":"https:\/\/www.eem.ca\/fr\/wp-json\/wp\/v2\/posts\/2673\/revisions"}],"wp:attachment":[{"href":"https:\/\/www.eem.ca\/fr\/wp-json\/wp\/v2\/media?parent=2673"}],"wp:term":[{"taxonomy":"category","embeddable":true,"href":"https:\/\/www.eem.ca\/fr\/wp-json\/wp\/v2\/categories?post=2673"},{"taxonomy":"post_tag","embeddable":true,"href":"https:\/\/www.eem.ca\/fr\/wp-json\/wp\/v2\/tags?post=2673"}],"curies":[{"name":"wp","href":"https:\/\/api.w.org\/{rel}","templated":true}]}}