{"id":2748,"date":"2012-05-01T14:39:15","date_gmt":"2012-05-01T14:39:15","guid":{"rendered":"https:\/\/www.eem.ca\/fr\/2012\/05\/01\/tc-transcontinental-wins-environmental-thought-leader-award\/"},"modified":"2016-10-20T18:34:06","modified_gmt":"2016-10-20T17:34:06","slug":"le-prix-environnemental-thought-leader-est-decerne-a-tc-transcontinental","status":"publish","type":"post","link":"https:\/\/www.eem.ca\/fr\/2012\/05\/01\/le-prix-environnemental-thought-leader-est-decerne-a-tc-transcontinental\/","title":{"rendered":"Le prix environnemental \u00ab Thought Leader \u00bb est d\u00e9cern\u00e9 \u00e0 TC Transcontinental"},"content":{"rendered":"<p>TC Transcontinental, client de \u00c9EM depuis 1993, a r\u00e9cemment remort\u00e9 le prix environnemental\u00a0<em>\u00ab\u00a0Thought Leader\u00a0\u00bb<\/em> (leader d&rsquo;opinion) lequel a \u00e9t\u00e9 remis par What They Think &#8211; groupe m\u00e9diatique chef de file dans l&rsquo;industrie de l&rsquo;imprimerie et de l&rsquo;\u00e9dition aux \u00c9tats-Unis. TC Transcontinental s&rsquo;est vue m\u00e9riter ce prix pour avoir fait des progr\u00e8s quant \u00e0 ses achats plus \u00e9cologis\u00e9s de papier, \u00e0 sa r\u00e9duction de ses \u00e9missions de gaz \u00e0 effet de serre et \u00e0 la limitation de compos\u00e9s organiques volatils. \u00c9EM est fier d&rsquo;avoir participer \u00a0\u00e0 ce projet ainsi qu&rsquo;\u00e0 plusieurs autres &#8211;\u00a0parmi lesquels figurent la r\u00e9daction du rapport transparent selon le cadre GRI &#8211;\u00a0au cours des ann\u00e9es. \u00a0Pour en savoir plus, veuillez consulter le <a href=\"http:\/\/www.tctranscontinental-ecodev.com\/fr.html\">Rapport de d\u00e9veloppement durable 2011 de TC Transcontinental<\/a>.<\/p>\n","protected":false},"excerpt":{"rendered":"<p>TC Transcontinental, client de \u00c9EM depuis 1993, a r\u00e9cemment remort\u00e9 le prix environnemental\u00a0\u00ab\u00a0Thought Leader\u00a0\u00bb (leader d&rsquo;opinion) lequel a \u00e9t\u00e9 remis [&hellip;]<\/p>\n","protected":false},"author":2,"featured_media":0,"comment_status":"open","ping_status":"closed","sticky":false,"template":"","format":"standard","meta":{"_acf_changed":false,"footnotes":""},"categories":[84],"tags":[],"class_list":["post-2748","post","type-post","status-publish","format-standard","hentry","category-a-noter"],"acf":[],"yoast_head":"<!-- This site is optimized with the Yoast SEO plugin v26.6 - https:\/\/yoast.com\/wordpress\/plugins\/seo\/ -->\n<title>Le prix environnemental \u00ab Thought Leader \u00bb est d\u00e9cern\u00e9 \u00e0 TC Transcontinental - EEM - Gestion ESS<\/title>\n<meta name=\"robots\" content=\"index, follow, max-snippet:-1, max-image-preview:large, max-video-preview:-1\" \/>\n<link rel=\"canonical\" href=\"https:\/\/www.eem.ca\/fr\/2012\/05\/01\/le-prix-environnemental-thought-leader-est-decerne-a-tc-transcontinental\/\" \/>\n<meta name=\"twitter:label1\" content=\"\u00c9crit par\" \/>\n\t<meta name=\"twitter:data1\" content=\"eem_client\" \/>\n\t<meta name=\"twitter:label2\" content=\"Dur\u00e9e de lecture estim\u00e9e\" \/>\n\t<meta name=\"twitter:data2\" content=\"1 minute\" \/>\n<script type=\"application\/ld+json\" class=\"yoast-schema-graph\">{\"@context\":\"https:\/\/schema.org\",\"@graph\":[{\"@type\":\"WebPage\",\"@id\":\"https:\/\/www.eem.ca\/fr\/2012\/05\/01\/le-prix-environnemental-thought-leader-est-decerne-a-tc-transcontinental\/\",\"url\":\"https:\/\/www.eem.ca\/fr\/2012\/05\/01\/le-prix-environnemental-thought-leader-est-decerne-a-tc-transcontinental\/\",\"name\":\"Le prix environnemental \u00ab Thought Leader \u00bb est d\u00e9cern\u00e9 \u00e0 TC Transcontinental - EEM - Gestion ESS\",\"isPartOf\":{\"@id\":\"https:\/\/www.eem.ca\/#website\"},\"datePublished\":\"2012-05-01T14:39:15+00:00\",\"dateModified\":\"2016-10-20T17:34:06+00:00\",\"author\":{\"@id\":\"https:\/\/www.eem.ca\/#\/schema\/person\/8382d062adfdf3ae2a9b476c4fc52965\"},\"breadcrumb\":{\"@id\":\"https:\/\/www.eem.ca\/fr\/2012\/05\/01\/le-prix-environnemental-thought-leader-est-decerne-a-tc-transcontinental\/#breadcrumb\"},\"inLanguage\":\"fr-FR\",\"potentialAction\":[{\"@type\":\"ReadAction\",\"target\":[\"https:\/\/www.eem.ca\/fr\/2012\/05\/01\/le-prix-environnemental-thought-leader-est-decerne-a-tc-transcontinental\/\"]}]},{\"@type\":\"BreadcrumbList\",\"@id\":\"https:\/\/www.eem.ca\/fr\/2012\/05\/01\/le-prix-environnemental-thought-leader-est-decerne-a-tc-transcontinental\/#breadcrumb\",\"itemListElement\":[{\"@type\":\"ListItem\",\"position\":1,\"name\":\"Home\",\"item\":\"https:\/\/www.eem.ca\/fr\/\"},{\"@type\":\"ListItem\",\"position\":2,\"name\":\"Le prix environnemental \u00ab Thought Leader \u00bb est d\u00e9cern\u00e9 \u00e0 TC Transcontinental\"}]},{\"@type\":\"WebSite\",\"@id\":\"https:\/\/www.eem.ca\/#website\",\"url\":\"https:\/\/www.eem.ca\/\",\"name\":\"EEM - Gestion ESS\",\"description\":\"EEM Gestion ESS est une firme-conseil ind\u00e9pendante qui aide ses clients \u00e0 \u00e9valuer, g\u00e9rer et am\u00e9liorer leur performance en environnement, sant\u00e9 et s\u00e9curit\u00e9.\",\"potentialAction\":[{\"@type\":\"SearchAction\",\"target\":{\"@type\":\"EntryPoint\",\"urlTemplate\":\"https:\/\/www.eem.ca\/?s={search_term_string}\"},\"query-input\":{\"@type\":\"PropertyValueSpecification\",\"valueRequired\":true,\"valueName\":\"search_term_string\"}}],\"inLanguage\":\"fr-FR\"},{\"@type\":\"Person\",\"@id\":\"https:\/\/www.eem.ca\/#\/schema\/person\/8382d062adfdf3ae2a9b476c4fc52965\",\"name\":\"eem_client\"}]}<\/script>\n<!-- \/ Yoast SEO plugin. -->","yoast_head_json":{"title":"Le prix environnemental \u00ab Thought Leader \u00bb est d\u00e9cern\u00e9 \u00e0 TC Transcontinental - EEM - Gestion ESS","robots":{"index":"index","follow":"follow","max-snippet":"max-snippet:-1","max-image-preview":"max-image-preview:large","max-video-preview":"max-video-preview:-1"},"canonical":"https:\/\/www.eem.ca\/fr\/2012\/05\/01\/le-prix-environnemental-thought-leader-est-decerne-a-tc-transcontinental\/","twitter_misc":{"\u00c9crit par":"eem_client","Dur\u00e9e de lecture estim\u00e9e":"1 minute"},"schema":{"@context":"https:\/\/schema.org","@graph":[{"@type":"WebPage","@id":"https:\/\/www.eem.ca\/fr\/2012\/05\/01\/le-prix-environnemental-thought-leader-est-decerne-a-tc-transcontinental\/","url":"https:\/\/www.eem.ca\/fr\/2012\/05\/01\/le-prix-environnemental-thought-leader-est-decerne-a-tc-transcontinental\/","name":"Le prix environnemental \u00ab Thought Leader \u00bb est d\u00e9cern\u00e9 \u00e0 TC Transcontinental - EEM - Gestion ESS","isPartOf":{"@id":"https:\/\/www.eem.ca\/#website"},"datePublished":"2012-05-01T14:39:15+00:00","dateModified":"2016-10-20T17:34:06+00:00","author":{"@id":"https:\/\/www.eem.ca\/#\/schema\/person\/8382d062adfdf3ae2a9b476c4fc52965"},"breadcrumb":{"@id":"https:\/\/www.eem.ca\/fr\/2012\/05\/01\/le-prix-environnemental-thought-leader-est-decerne-a-tc-transcontinental\/#breadcrumb"},"inLanguage":"fr-FR","potentialAction":[{"@type":"ReadAction","target":["https:\/\/www.eem.ca\/fr\/2012\/05\/01\/le-prix-environnemental-thought-leader-est-decerne-a-tc-transcontinental\/"]}]},{"@type":"BreadcrumbList","@id":"https:\/\/www.eem.ca\/fr\/2012\/05\/01\/le-prix-environnemental-thought-leader-est-decerne-a-tc-transcontinental\/#breadcrumb","itemListElement":[{"@type":"ListItem","position":1,"name":"Home","item":"https:\/\/www.eem.ca\/fr\/"},{"@type":"ListItem","position":2,"name":"Le prix environnemental \u00ab Thought Leader \u00bb est d\u00e9cern\u00e9 \u00e0 TC Transcontinental"}]},{"@type":"WebSite","@id":"https:\/\/www.eem.ca\/#website","url":"https:\/\/www.eem.ca\/","name":"EEM - Gestion ESS","description":"EEM Gestion ESS est une firme-conseil ind\u00e9pendante qui aide ses clients \u00e0 \u00e9valuer, g\u00e9rer et am\u00e9liorer leur performance en environnement, sant\u00e9 et s\u00e9curit\u00e9.","potentialAction":[{"@type":"SearchAction","target":{"@type":"EntryPoint","urlTemplate":"https:\/\/www.eem.ca\/?s={search_term_string}"},"query-input":{"@type":"PropertyValueSpecification","valueRequired":true,"valueName":"search_term_string"}}],"inLanguage":"fr-FR"},{"@type":"Person","@id":"https:\/\/www.eem.ca\/#\/schema\/person\/8382d062adfdf3ae2a9b476c4fc52965","name":"eem_client"}]}},"_links":{"self":[{"href":"https:\/\/www.eem.ca\/fr\/wp-json\/wp\/v2\/posts\/2748","targetHints":{"allow":["GET"]}}],"collection":[{"href":"https:\/\/www.eem.ca\/fr\/wp-json\/wp\/v2\/posts"}],"about":[{"href":"https:\/\/www.eem.ca\/fr\/wp-json\/wp\/v2\/types\/post"}],"author":[{"embeddable":true,"href":"https:\/\/www.eem.ca\/fr\/wp-json\/wp\/v2\/users\/2"}],"replies":[{"embeddable":true,"href":"https:\/\/www.eem.ca\/fr\/wp-json\/wp\/v2\/comments?post=2748"}],"version-history":[{"count":0,"href":"https:\/\/www.eem.ca\/fr\/wp-json\/wp\/v2\/posts\/2748\/revisions"}],"wp:attachment":[{"href":"https:\/\/www.eem.ca\/fr\/wp-json\/wp\/v2\/media?parent=2748"}],"wp:term":[{"taxonomy":"category","embeddable":true,"href":"https:\/\/www.eem.ca\/fr\/wp-json\/wp\/v2\/categories?post=2748"},{"taxonomy":"post_tag","embeddable":true,"href":"https:\/\/www.eem.ca\/fr\/wp-json\/wp\/v2\/tags?post=2748"}],"curies":[{"name":"wp","href":"https:\/\/api.w.org\/{rel}","templated":true}]}}